{"id":3131,"date":"2016-07-19T17:44:40","date_gmt":"2016-07-19T15:44:40","guid":{"rendered":"http:\/\/krecklow.de\/goalunited\/?p=3131"},"modified":"2016-07-19T17:44:40","modified_gmt":"2016-07-19T15:44:40","slug":"wehmann-verkauft","status":"publish","type":"post","link":"https:\/\/krecklow.de\/goalunited\/wehmann-verkauft\/","title":{"rendered":"Wehmann verkauft"},"content":{"rendered":"<p>Kurz vor dem 33. Geburtstag musste auch unser langj\u00e4hriger Eckensch\u00fctze Elmar Wehmann seine Koffer packen und die Abknicker verlassen. Wehmann kam auf 233 Eins\u00e4tze und erzielte dabei 53 Tore.<\/p>\n<p>Ein Platz in der Abknicker of Fame ist ihm sicher!<\/p>\n<p><a href=\"https:\/\/krecklow.de\/goalunited\/?attachment_id=3132\" rel=\"attachment wp-att-3132\"><img loading=\"lazy\" decoding=\"async\" class=\"aligncenter size-full wp-image-3132\" src=\"https:\/\/krecklow.de\/goalunited\/wp-content\/uploads\/2016\/07\/2016-07-12_170218.png\" alt=\"2016-07-12_170218\" width=\"556\" height=\"630\" srcset=\"https:\/\/krecklow.de\/goalunited\/wp-content\/uploads\/2016\/07\/2016-07-12_170218.png 556w, https:\/\/krecklow.de\/goalunited\/wp-content\/uploads\/2016\/07\/2016-07-12_170218-265x300.png 265w\" sizes=\"auto, (max-width: 556px) 100vw, 556px\" \/><\/a><\/p>\n","protected":false},"excerpt":{"rendered":"<p>Kurz vor dem 33. Geburtstag musste auch unser langj\u00e4hriger Eckensch\u00fctze Elmar Wehmann seine Koffer packen und die Abknicker verlassen. Wehmann kam auf 233 Eins\u00e4tze und erzielte dabei 53 Tore. Ein Platz in der Abknicker of Fame ist ihm sicher!<\/p>\n","protected":false},"author":3,"featured_media":0,"comment_status":"open","ping_status":"open","sticky":false,"template":"","format":"standard","meta":{"footnotes":""},"categories":[39,4],"tags":[],"class_list":["post-3131","post","type-post","status-publish","format-standard","hentry","category-saison-26","category-team"],"aioseo_notices":[],"_links":{"self":[{"href":"https:\/\/krecklow.de\/goalunited\/wp-json\/wp\/v2\/posts\/3131","targetHints":{"allow":["GET"]}}],"collection":[{"href":"https:\/\/krecklow.de\/goalunited\/wp-json\/wp\/v2\/posts"}],"about":[{"href":"https:\/\/krecklow.de\/goalunited\/wp-json\/wp\/v2\/types\/post"}],"author":[{"embeddable":true,"href":"https:\/\/krecklow.de\/goalunited\/wp-json\/wp\/v2\/users\/3"}],"replies":[{"embeddable":true,"href":"https:\/\/krecklow.de\/goalunited\/wp-json\/wp\/v2\/comments?post=3131"}],"version-history":[{"count":1,"href":"https:\/\/krecklow.de\/goalunited\/wp-json\/wp\/v2\/posts\/3131\/revisions"}],"predecessor-version":[{"id":3133,"href":"https:\/\/krecklow.de\/goalunited\/wp-json\/wp\/v2\/posts\/3131\/revisions\/3133"}],"wp:attachment":[{"href":"https:\/\/krecklow.de\/goalunited\/wp-json\/wp\/v2\/media?parent=3131"}],"wp:term":[{"taxonomy":"category","embeddable":true,"href":"https:\/\/krecklow.de\/goalunited\/wp-json\/wp\/v2\/categories?post=3131"},{"taxonomy":"post_tag","embeddable":true,"href":"https:\/\/krecklow.de\/goalunited\/wp-json\/wp\/v2\/tags?post=3131"}],"curies":[{"name":"wp","href":"https:\/\/api.w.org\/{rel}","templated":true}]}}