{"id":1632,"date":"2014-02-03T12:02:51","date_gmt":"2014-02-03T10:02:51","guid":{"rendered":"http:\/\/krecklow.de\/goalunited\/?p=1632"},"modified":"2014-02-03T12:02:51","modified_gmt":"2014-02-03T10:02:51","slug":"abknicker-of-fame-update","status":"publish","type":"post","link":"https:\/\/krecklow.de\/goalunited\/abknicker-of-fame-update\/","title":{"rendered":"Abknicker of Fame Update"},"content":{"rendered":"<p style=\"text-align: justify;\">Gestern abend wurden Krecki und Kossy in die Abknicker of Fame aufgenommen. Beides sind Spieler, die es aus der eigenen Jugend zum Stammspieler und F\u00fchrungspers\u00f6nlichkeit geschafft haben. Beide sind Vorbilder f\u00fcr die nachfolgenden Spielergenerationen!<\/p>\n<p><a href=\"https:\/\/krecklow.de\/goalunited\/wp-content\/uploads\/2012\/10\/Wand3.jpg\"><img loading=\"lazy\" decoding=\"async\" class=\"aligncenter size-full wp-image-1627\" alt=\"Wand\" src=\"https:\/\/krecklow.de\/goalunited\/wp-content\/uploads\/2012\/10\/Wand3.jpg\" width=\"513\" height=\"511\" srcset=\"https:\/\/krecklow.de\/goalunited\/wp-content\/uploads\/2012\/10\/Wand3.jpg 513w, https:\/\/krecklow.de\/goalunited\/wp-content\/uploads\/2012\/10\/Wand3-150x150.jpg 150w, https:\/\/krecklow.de\/goalunited\/wp-content\/uploads\/2012\/10\/Wand3-300x298.jpg 300w, https:\/\/krecklow.de\/goalunited\/wp-content\/uploads\/2012\/10\/Wand3-301x300.jpg 301w\" sizes=\"auto, (max-width: 513px) 100vw, 513px\" \/><\/a><\/p>\n","protected":false},"excerpt":{"rendered":"<p>Gestern abend wurden Krecki und Kossy in die Abknicker of Fame aufgenommen. Beides sind Spieler, die es aus der eigenen Jugend zum Stammspieler und F\u00fchrungspers\u00f6nlichkeit geschafft haben. Beide sind Vorbilder f\u00fcr die nachfolgenden Spielergenerationen!<\/p>\n","protected":false},"author":2,"featured_media":0,"comment_status":"open","ping_status":"open","sticky":false,"template":"","format":"standard","meta":{"footnotes":""},"categories":[1,4],"tags":[],"class_list":["post-1632","post","type-post","status-publish","format-standard","hentry","category-allgemein","category-team"],"aioseo_notices":[],"_links":{"self":[{"href":"https:\/\/krecklow.de\/goalunited\/wp-json\/wp\/v2\/posts\/1632","targetHints":{"allow":["GET"]}}],"collection":[{"href":"https:\/\/krecklow.de\/goalunited\/wp-json\/wp\/v2\/posts"}],"about":[{"href":"https:\/\/krecklow.de\/goalunited\/wp-json\/wp\/v2\/types\/post"}],"author":[{"embeddable":true,"href":"https:\/\/krecklow.de\/goalunited\/wp-json\/wp\/v2\/users\/2"}],"replies":[{"embeddable":true,"href":"https:\/\/krecklow.de\/goalunited\/wp-json\/wp\/v2\/comments?post=1632"}],"version-history":[{"count":1,"href":"https:\/\/krecklow.de\/goalunited\/wp-json\/wp\/v2\/posts\/1632\/revisions"}],"predecessor-version":[{"id":1633,"href":"https:\/\/krecklow.de\/goalunited\/wp-json\/wp\/v2\/posts\/1632\/revisions\/1633"}],"wp:attachment":[{"href":"https:\/\/krecklow.de\/goalunited\/wp-json\/wp\/v2\/media?parent=1632"}],"wp:term":[{"taxonomy":"category","embeddable":true,"href":"https:\/\/krecklow.de\/goalunited\/wp-json\/wp\/v2\/categories?post=1632"},{"taxonomy":"post_tag","embeddable":true,"href":"https:\/\/krecklow.de\/goalunited\/wp-json\/wp\/v2\/tags?post=1632"}],"curies":[{"name":"wp","href":"https:\/\/api.w.org\/{rel}","templated":true}]}}