{"id":596,"date":"2009-07-10T22:14:39","date_gmt":"2009-07-10T20:14:39","guid":{"rendered":"http:\/\/krecklow.de\/blog?p=596"},"modified":"2009-10-06T18:43:08","modified_gmt":"2009-10-06T16:43:08","slug":"shauni-mcclain","status":"publish","type":"post","link":"https:\/\/krecklow.de\/blog\/shauni-mcclain\/","title":{"rendered":"Shauni McClain"},"content":{"rendered":"<p style=\"text-align: justify;\"><a href=\"https:\/\/krecklow.de\/blogwp-content\/uploads\/erika.jpg\"><img loading=\"lazy\" decoding=\"async\" class=\"alignleft\" src=\"https:\/\/krecklow.de\/blogwp-content\/uploads\/erika.jpg\" alt=\"\" width=\"139\" height=\"230\" \/><\/a> alias Erika Eleniak war die &#8222;Heldin&#8220; meiner fr\u00fchpubert\u00e4ren Phase. Sie spielte in den ersten beiden Staffeln der allseits bekannten Serie &#8222;<a href=\"http:\/\/de.wikipedia.org\/wiki\/Baywatch_%E2%80%93_Die_Rettungsschwimmer_von_Malibu\" target=\"_blank\">Baywatch &#8211; Die Rettungsschwimmer von Malibu<\/a>&#8220; mit. Man haben wir von dieser Frau gschw\u00e4rmt! Die Serie war und ist absoluter Kult, wobei mir per\u00f6nlich die ersten Staffeln am besten gefallen haben. Die 11 Staffeln der Serie handeln von den Rettungseins\u00e4tzen eines Teams von m\u00e4nnlichen und weiblichen Rettungsschwimmern. Irgendwann als das ganze Richtung Hawaii abdrehte habe ich aufgeh\u00f6rt die Serie regelm\u00e4\u00dfig zu schauen. Zu diesem Zeitpunkt war Erika auch schon ne Weile nicht mehr dabei gewesen. Jedenfalls bin ich letztens mal wieder \u00fcber die erste Staffel gestolpert und gleich wieder h\u00e4ngen geblieben.<\/p>\n","protected":false},"excerpt":{"rendered":"<p>alias Erika Eleniak war die &#8222;Heldin&#8220; meiner fr\u00fchpubert\u00e4ren Phase. Sie spielte in den ersten beiden Staffeln der allseits bekannten Serie &#8222;Baywatch &#8211; Die Rettungsschwimmer von Malibu&#8220; mit. Man haben wir von dieser Frau gschw\u00e4rmt! Die Serie war und ist absoluter Kult, wobei mir per\u00f6nlich die ersten Staffeln am besten gefallen haben. Die 11 Staffeln der [&hellip;]<\/p>\n","protected":false},"author":7,"featured_media":0,"comment_status":"open","ping_status":"open","sticky":false,"template":"","format":"standard","meta":{"footnotes":""},"categories":[9],"tags":[393,141,391,142],"class_list":["post-596","post","type-post","status-publish","format-standard","hentry","category-film-und-fernsehen","tag-erika-eleniak","tag-fernsehen","tag-held-meiner-jugend","tag-serien"],"_links":{"self":[{"href":"https:\/\/krecklow.de\/blog\/wp-json\/wp\/v2\/posts\/596","targetHints":{"allow":["GET"]}}],"collection":[{"href":"https:\/\/krecklow.de\/blog\/wp-json\/wp\/v2\/posts"}],"about":[{"href":"https:\/\/krecklow.de\/blog\/wp-json\/wp\/v2\/types\/post"}],"author":[{"embeddable":true,"href":"https:\/\/krecklow.de\/blog\/wp-json\/wp\/v2\/users\/7"}],"replies":[{"embeddable":true,"href":"https:\/\/krecklow.de\/blog\/wp-json\/wp\/v2\/comments?post=596"}],"version-history":[{"count":0,"href":"https:\/\/krecklow.de\/blog\/wp-json\/wp\/v2\/posts\/596\/revisions"}],"wp:attachment":[{"href":"https:\/\/krecklow.de\/blog\/wp-json\/wp\/v2\/media?parent=596"}],"wp:term":[{"taxonomy":"category","embeddable":true,"href":"https:\/\/krecklow.de\/blog\/wp-json\/wp\/v2\/categories?post=596"},{"taxonomy":"post_tag","embeddable":true,"href":"https:\/\/krecklow.de\/blog\/wp-json\/wp\/v2\/tags?post=596"}],"curies":[{"name":"wp","href":"https:\/\/api.w.org\/{rel}","templated":true}]}}